{"id":1007,"date":"2021-07-05T14:13:00","date_gmt":"2021-07-05T14:13:00","guid":{"rendered":"http:\/\/caritas-srem.rs\/?p=1007"},"modified":"2021-07-21T14:14:44","modified_gmt":"2021-07-21T14:14:44","slug":"odluka-o-dodeli-grantova-za-pokretanje-sopstvenog-biznisa-u-okviru-projekta-yourjob","status":"publish","type":"post","link":"https:\/\/caritas-srem.rs\/?p=1007","title":{"rendered":"Odluka o dodeli grantova za pokretanje sopstvenog biznisa u okviru projekta YourJob"},"content":{"rendered":"\n<p>Zavr\u0161en je i tre\u0107i ciklus dodele grantova u vidu bespovratnih nov\u010danih sredstava za pokretanje sopstvenog biznisa u okviru regionalnog projekta osna\u017eivanja mladih&nbsp;<strong><em>YourJob.<\/em><\/strong><\/p>\n\n\n\n<p>Nakon pa\u017eljivog razmatranja i analiziranja svih poslovnih ideja kandidata koji su u\u010destvovali na konkursu, nezavisna komisija za dodelu grantova donela je odluku da se u tre\u0107em krugu dodele grantova za samozapo\u0161ljavanje u okviru projekta&nbsp;<em>YourJob&nbsp;<\/em>bespovratnim finansijskim sredstvima podr\u017ee poslovne ideje slede\u0107ih kandidata:<\/p>\n\n\n\n<ol class=\"wp-block-list\"><li><strong>Mina Kelner, Zrenjanin<\/strong><\/li><li><strong>Dijana Mandi\u0107, Zrenjanin<\/strong><\/li><li><strong>Dragan Stojanovi\u0107, Aleksinac<\/strong><\/li><li><strong>Tanja Todorovi\u0107, Zrenjanin<\/strong><\/li><li><strong>Nikolina Jankovi\u0107, Ruma<\/strong><\/li><li><strong>Nikola Topoli\u0107, Zrenjanin<\/strong><\/li><li><strong>Boris Ma\u0111arov, Zrenjanin<\/strong><\/li><\/ol>\n\n\n\n<p>Za potrebe projekta&nbsp;<em>YourJob<\/em>, formirana je nezavisna, tro\u010dlana komisija za dodelu grantova za samozapo\u0161ljavanje. Za \u010dlanove komisije odabrani su stru\u010dnjaci iz oblasti preduzetni\u0161tva, bankarstva i socijalne ekonomije.<\/p>\n\n\n\n<p>\u010clanovi komisije pojedina\u010dno su ocenjivali poslovne ideje na osnovu 13 kriterijuma, prema unapred utvr\u0111enim bodovnim skalama. Prilikom ocenjivanja, \u010dlanovi komisije uzeli su u obzir i mi\u0161ljenja savetnika i trenera koji su sa kandidatima radili na razvijanju biznis ideja. Ocenjivanje je vr\u0161eno na transparentan na\u010din i svim zainteresovanim kandidatima je bio omogu\u0107en uvid u bodovnu listu. Nakon isteka roka za \u017ealbu, koji je kandidatima bio blagovremeno predo\u010den, odluka je postala kona\u010dna.<\/p>\n\n\n\n<p>Sa svim dobitnicima grantova odr\u017ean je online sastanak na kom su utvr\u0111eni dalji koraci u realizaciji projekta.<\/p>\n\n\n\n<p>Jo\u0161 jednom \u010destitamo nagra\u0111enim kandidatima, a svim u\u010desnicima \u017eelimo puno sre\u0107e u nastavku karijera.<\/p>\n\n\n\n<p>Caritas u Srbiji  nastavlja sa ekonomskim osna\u017eivanjem mladih i pru\u017eanjem podr\u0161ke u cilju pobolj\u0161anja njihovog polo\u017eaja na tr\u017ei\u0161tu rada.<\/p>\n ","protected":false},"excerpt":{"rendered":"<p>Zavr\u0161en je i tre\u0107i ciklus dodele grantova u vidu bespovratnih nov\u010danih sredstava za pokretanje sopstvenog biznisa u okviru regionalnog projekta osna\u017eivanja mladih&nbsp;YourJob. Nakon pa\u017eljivog razmatranja i analiziranja svih poslovnih ideja kandidata koji su u\u010destvovali na konkursu, nezavisna komisija za dodelu grantova donela je odluku da se u tre\u0107em krugu dodele grantova za samozapo\u0161ljavanje u okviru &hellip; <a href=\"https:\/\/caritas-srem.rs\/?p=1007\" class=\"more-link\">Continue reading <span class=\"screen-reader-text\">Odluka o dodeli grantova za pokretanje sopstvenog biznisa u okviru projekta YourJob<\/span><\/a><\/p>\n","protected":false},"author":1,"featured_media":1008,"comment_status":"closed","ping_status":"closed","sticky":false,"template":"","format":"aside","meta":{"give_campaign_id":0,"footnotes":""},"categories":[1],"tags":[],"class_list":["post-1007","post","type-post","status-publish","format-aside","has-post-thumbnail","hentry","category-uncategorized","post_format-post-format-aside"],"_links":{"self":[{"href":"https:\/\/caritas-srem.rs\/index.php?rest_route=\/wp\/v2\/posts\/1007","targetHints":{"allow":["GET"]}}],"collection":[{"href":"https:\/\/caritas-srem.rs\/index.php?rest_route=\/wp\/v2\/posts"}],"about":[{"href":"https:\/\/caritas-srem.rs\/index.php?rest_route=\/wp\/v2\/types\/post"}],"author":[{"embeddable":true,"href":"https:\/\/caritas-srem.rs\/index.php?rest_route=\/wp\/v2\/users\/1"}],"replies":[{"embeddable":true,"href":"https:\/\/caritas-srem.rs\/index.php?rest_route=%2Fwp%2Fv2%2Fcomments&post=1007"}],"version-history":[{"count":1,"href":"https:\/\/caritas-srem.rs\/index.php?rest_route=\/wp\/v2\/posts\/1007\/revisions"}],"predecessor-version":[{"id":1009,"href":"https:\/\/caritas-srem.rs\/index.php?rest_route=\/wp\/v2\/posts\/1007\/revisions\/1009"}],"wp:featuredmedia":[{"embeddable":true,"href":"https:\/\/caritas-srem.rs\/index.php?rest_route=\/wp\/v2\/media\/1008"}],"wp:attachment":[{"href":"https:\/\/caritas-srem.rs\/index.php?rest_route=%2Fwp%2Fv2%2Fmedia&parent=1007"}],"wp:term":[{"taxonomy":"category","embeddable":true,"href":"https:\/\/caritas-srem.rs\/index.php?rest_route=%2Fwp%2Fv2%2Fcategories&post=1007"},{"taxonomy":"post_tag","embeddable":true,"href":"https:\/\/caritas-srem.rs\/index.php?rest_route=%2Fwp%2Fv2%2Ftags&post=1007"}],"curies":[{"name":"wp","href":"https:\/\/api.w.org\/{rel}","templated":true}]}}