{"id":1233,"date":"2023-03-24T13:05:05","date_gmt":"2023-03-24T13:05:05","guid":{"rendered":"https:\/\/caritas-srem.rs\/?p=1233"},"modified":"2023-03-30T13:10:14","modified_gmt":"2023-03-30T13:10:14","slug":"srijemski-caritas-u-irigu-potpisao-memorandume-o-suradnji","status":"publish","type":"post","link":"https:\/\/caritas-srem.rs\/?p=1233","title":{"rendered":"SRIJEMSKI CARITAS U IRIGU POTPISAO MEMORANDUME O SURADNJI"},"content":{"rendered":"\n<p>IRIG (TU) &#8211;\u00a0Dana 22.03. 2023 godine potpisani su Memorandumi o suradnji i razumijevanju na realizaciji projekta Your Job 2 izmedju Caritasa Srem i slijede\u0107ih ustanova od javnog zna\u010daja: Op\u0161tina Irig, Centar za socijalni rad u Irigu, Javno Komunalno Preduze\u0107e Komunalije \u201eKomunalac\u201c i srednja stru\u010dna \u0161kola Borislav Mihajlovi\u0107- Mihiz. Sastanku su prisustvovali: Oliver Ognjenovi\u0107, na\u010delnik op\u0161tinske uprave Irig, Mira Radulovi\u0107, direktorica centra za socijalni rad, Dragana Kijacki, direktorica JKP \u201cKomunalac\u201d, Isidora Birinji, direktorica srednje stru\u010dne \u0161kole u Irigu, Petar Duji\u0107, kordinator biskupijskog Caritasa Srem, i Sara \u017durovski, karijerna savjetnica na projektu Your Job.<\/p>\n\n\n\n<figure class=\"wp-block-gallery has-nested-images columns-default is-cropped wp-block-gallery-1 is-layout-flex wp-block-gallery-is-layout-flex\">\n<figure class=\"wp-block-image size-large\"><img loading=\"lazy\" decoding=\"async\" width=\"1024\" height=\"768\" data-id=\"1235\" src=\"https:\/\/caritas-srem.rs\/wp-content\/uploads\/2023\/03\/viber_image_2023-03-22_15-37-07-629-1024x768.jpg\" alt=\"\" class=\"wp-image-1235\" srcset=\"https:\/\/caritas-srem.rs\/wp-content\/uploads\/2023\/03\/viber_image_2023-03-22_15-37-07-629-1024x768.jpg 1024w, https:\/\/caritas-srem.rs\/wp-content\/uploads\/2023\/03\/viber_image_2023-03-22_15-37-07-629-300x225.jpg 300w, https:\/\/caritas-srem.rs\/wp-content\/uploads\/2023\/03\/viber_image_2023-03-22_15-37-07-629-768x576.jpg 768w, https:\/\/caritas-srem.rs\/wp-content\/uploads\/2023\/03\/viber_image_2023-03-22_15-37-07-629-1536x1152.jpg 1536w, https:\/\/caritas-srem.rs\/wp-content\/uploads\/2023\/03\/viber_image_2023-03-22_15-37-07-629-200x150.jpg 200w, https:\/\/caritas-srem.rs\/wp-content\/uploads\/2023\/03\/viber_image_2023-03-22_15-37-07-629-150x113.jpg 150w, https:\/\/caritas-srem.rs\/wp-content\/uploads\/2023\/03\/viber_image_2023-03-22_15-37-07-629.jpg 1600w\" sizes=\"auto, (max-width: 1024px) 100vw, 1024px\" \/><\/figure>\n\n\n\n<figure class=\"wp-block-image size-large\"><img loading=\"lazy\" decoding=\"async\" width=\"1024\" height=\"768\" data-id=\"1236\" src=\"https:\/\/caritas-srem.rs\/wp-content\/uploads\/2023\/03\/viber_image_2023-03-22_15-37-07-963-1024x768.jpg\" alt=\"\" class=\"wp-image-1236\" srcset=\"https:\/\/caritas-srem.rs\/wp-content\/uploads\/2023\/03\/viber_image_2023-03-22_15-37-07-963-1024x768.jpg 1024w, https:\/\/caritas-srem.rs\/wp-content\/uploads\/2023\/03\/viber_image_2023-03-22_15-37-07-963-300x225.jpg 300w, https:\/\/caritas-srem.rs\/wp-content\/uploads\/2023\/03\/viber_image_2023-03-22_15-37-07-963-768x576.jpg 768w, https:\/\/caritas-srem.rs\/wp-content\/uploads\/2023\/03\/viber_image_2023-03-22_15-37-07-963-1536x1152.jpg 1536w, https:\/\/caritas-srem.rs\/wp-content\/uploads\/2023\/03\/viber_image_2023-03-22_15-37-07-963-200x150.jpg 200w, https:\/\/caritas-srem.rs\/wp-content\/uploads\/2023\/03\/viber_image_2023-03-22_15-37-07-963-150x113.jpg 150w, https:\/\/caritas-srem.rs\/wp-content\/uploads\/2023\/03\/viber_image_2023-03-22_15-37-07-963.jpg 1600w\" sizes=\"auto, (max-width: 1024px) 100vw, 1024px\" \/><\/figure>\n<\/figure>\n\n\n\n<p>Tako\u0111er, tijekom ovog sastanka potpisan je prvi Ugovor o obavljanju stru\u010dne prakse sa Srednjom stru\u010dnom \u0161kolom Borislav Mihajlovi\u0107- Mihiz u Irigu, \u010dime je na\u0161a korisnica Bojana Toli\u0107 zapo\u010dela svoje karijerno usavr\u0161avanje. Bojana \u0107e praksu obavljati na mjestu administratora u prosvjeti.<\/p>\n\n\n\n<p>Prisutni su na sastanku iskazali veliko zadovoljstvo \u0161to \u0107e mladi i u\u010denici na teritoriji Iriga imati dodatnu mogu\u0107nost da podignu svoje kapacitete i sebi osiguraju bolju budu\u0107nost. \u00a0Biskupijski Caritas Srem zahvalan je potpisinim stranama, koji uvi\u0111aju zna\u010daj projekta YourJob i iskazuju svoju spremnost da pru\u017ee podr\u0161ku u osna\u017eivanju mladih u Irigu.<\/p>\n\n\n\n<figure class=\"wp-block-image size-large\"><img loading=\"lazy\" decoding=\"async\" width=\"768\" height=\"1024\" src=\"https:\/\/caritas-srem.rs\/wp-content\/uploads\/2023\/03\/viber_image_2023-03-22_15-37-08-492-768x1024.jpg\" alt=\"\" class=\"wp-image-1238\" srcset=\"https:\/\/caritas-srem.rs\/wp-content\/uploads\/2023\/03\/viber_image_2023-03-22_15-37-08-492-768x1024.jpg 768w, https:\/\/caritas-srem.rs\/wp-content\/uploads\/2023\/03\/viber_image_2023-03-22_15-37-08-492-225x300.jpg 225w, https:\/\/caritas-srem.rs\/wp-content\/uploads\/2023\/03\/viber_image_2023-03-22_15-37-08-492-1152x1536.jpg 1152w, https:\/\/caritas-srem.rs\/wp-content\/uploads\/2023\/03\/viber_image_2023-03-22_15-37-08-492-150x200.jpg 150w, https:\/\/caritas-srem.rs\/wp-content\/uploads\/2023\/03\/viber_image_2023-03-22_15-37-08-492.jpg 1200w\" sizes=\"auto, (max-width: 768px) 100vw, 768px\" \/><\/figure>\n\n\n\n<p>Projekt YourJob 2 ima za cilj osna\u017eivanje mladih, a posebno mladih iz ranjivih grupa, pove\u0107anje njihovih kapaciteta i konkurentnosti na tr\u017ei\u0161tu rada. U Srbiji, projekat se realizira u Ni\u0161u, \u0160idu i Zrenjaninu, a implemetniraju ga Caritas Srbije, Caritas Ni\u0161, Caritas Srem i Caritas Zrenjanin. Donatori su Austrijska razvojna agencija (ADA), Caritas Austrije i Caritas Francuske.<\/p>\n\n\n\n<p>Ovom prilikom pozivamo sve mlade iz Iriga i \u0160ida koji \u017eele osna\u017eiti i unaprijediti svoje kapacitete i \u0161anse na tr\u017ei\u0161tu rada da nas kontaktiraju i zaka\u017eu svoje individualno karijerno vo\u0111enje i savjetovanje. Sve usluge su besplatne! Vi\u0161e mo\u017eete pogledati na Facebook stranici projekta: https:\/\/www.facebook.com\/YourJobSrbija\/ kao i na Instagramu: https:\/\/www.instagram.com\/your_job_srbija\/<\/p>\n\n\n\n<p><\/p>\n\n\n\n<p><\/p>\n ","protected":false},"excerpt":{"rendered":"<p>IRIG (TU) &#8211;\u00a0Dana 22.03. 2023 godine potpisani su Memorandumi o suradnji i razumijevanju na realizaciji projekta Your Job 2 izmedju Caritasa Srem i slijede\u0107ih ustanova od javnog zna\u010daja: Op\u0161tina Irig, Centar za socijalni rad u Irigu, Javno Komunalno Preduze\u0107e Komunalije \u201eKomunalac\u201c i srednja stru\u010dna \u0161kola Borislav Mihajlovi\u0107- Mihiz. Sastanku su prisustvovali: Oliver Ognjenovi\u0107, na\u010delnik op\u0161tinske &hellip; <a href=\"https:\/\/caritas-srem.rs\/?p=1233\" class=\"more-link\">Continue reading <span class=\"screen-reader-text\">SRIJEMSKI CARITAS U IRIGU POTPISAO MEMORANDUME O SURADNJI<\/span><\/a><\/p>\n","protected":false},"author":1,"featured_media":1234,"comment_status":"closed","ping_status":"closed","sticky":false,"template":"","format":"standard","meta":{"give_campaign_id":0,"footnotes":""},"categories":[1],"tags":[],"class_list":["post-1233","post","type-post","status-publish","format-standard","has-post-thumbnail","hentry","category-uncategorized"],"_links":{"self":[{"href":"https:\/\/caritas-srem.rs\/index.php?rest_route=\/wp\/v2\/posts\/1233","targetHints":{"allow":["GET"]}}],"collection":[{"href":"https:\/\/caritas-srem.rs\/index.php?rest_route=\/wp\/v2\/posts"}],"about":[{"href":"https:\/\/caritas-srem.rs\/index.php?rest_route=\/wp\/v2\/types\/post"}],"author":[{"embeddable":true,"href":"https:\/\/caritas-srem.rs\/index.php?rest_route=\/wp\/v2\/users\/1"}],"replies":[{"embeddable":true,"href":"https:\/\/caritas-srem.rs\/index.php?rest_route=%2Fwp%2Fv2%2Fcomments&post=1233"}],"version-history":[{"count":1,"href":"https:\/\/caritas-srem.rs\/index.php?rest_route=\/wp\/v2\/posts\/1233\/revisions"}],"predecessor-version":[{"id":1239,"href":"https:\/\/caritas-srem.rs\/index.php?rest_route=\/wp\/v2\/posts\/1233\/revisions\/1239"}],"wp:featuredmedia":[{"embeddable":true,"href":"https:\/\/caritas-srem.rs\/index.php?rest_route=\/wp\/v2\/media\/1234"}],"wp:attachment":[{"href":"https:\/\/caritas-srem.rs\/index.php?rest_route=%2Fwp%2Fv2%2Fmedia&parent=1233"}],"wp:term":[{"taxonomy":"category","embeddable":true,"href":"https:\/\/caritas-srem.rs\/index.php?rest_route=%2Fwp%2Fv2%2Fcategories&post=1233"},{"taxonomy":"post_tag","embeddable":true,"href":"https:\/\/caritas-srem.rs\/index.php?rest_route=%2Fwp%2Fv2%2Ftags&post=1233"}],"curies":[{"name":"wp","href":"https:\/\/api.w.org\/{rel}","templated":true}]}}