{"id":1518,"date":"2024-02-27T13:07:40","date_gmt":"2024-02-27T11:07:40","guid":{"rendered":"https:\/\/caritas-srem.rs\/?p=1518"},"modified":"2024-06-20T10:58:11","modified_gmt":"2024-06-20T08:58:11","slug":"susret-caritasa-srijemske-biskupije-i-dakovacko-osjecke-nadbiskupije","status":"publish","type":"post","link":"https:\/\/caritas-srem.rs\/?p=1518","title":{"rendered":"Susret Caritasa Srijemske Biskupije i \u0110akova\u010dko-Osje\u010dke nadbiskupije"},"content":{"rendered":"<p>Delegacija Caritasa \u0110akova\u010dko-osje\u010dke nadbiskupije, koju je predvodio ravnatelj dr. sc. Drago Tukara, zamjenik ravnatelja Mi\u0161o Luka\u010devi\u0107 i Nikolina Ivanda, posjetila je Srijemsku Mitrovicu u utorak, 27. februara. Susreli su se s biskupom Fabijanom Svalinom i predstavnicima Caritasa Srijemske biskupije, ravnateljem mons. Jozom Dusparom, i koordinatorom Petrom Duji\u0107em. \u00a0Glavna tema susreta bila je budu\u0107a suradnja na projektima od zajedni\u010dkog interesa.<\/p>\n<p>Tijekom susreta delegacije su razmijenile ideje i planove za mogu\u0107e projekte koji bi unaprijedili humanitarni rad u zajednicama. Fokus razgovora bio je na prekograni\u010dnoj suradnji i \u00a0identifikaciji podru\u010dja u kojima bi suradnja mogla imati najve\u0107i pozitivan utjecaj.<\/p>\n<p>Nakon plodne diskusije i razmatranja budu\u0107ih koraka, sudionici susreta obi\u0161li su ranokr\u0161\u0107ansku baziliku sv. Dimitrija u Srijemskoj Mitrovici, kao i druge znamenitosti iz rimskog perioda.<\/p>\n<p>Ovaj susret predstavlja va\u017ean korak ka ja\u010danju me\u0111usobne saradnje izme\u0111u Caritasa \u0110akova\u010dko-osje\u010dke nadbiskupije i Caritasa Srijemske biskupije, te otvara put realizaciji humanitarnih inicijativa koje \u0107e direktno doprinijeti pobolj\u0161anju \u017eivota korisnika Caritasovih usluga.<\/p>\n<p><img loading=\"lazy\" decoding=\"async\" class=\"alignnone size-full wp-image-1520\" src=\"https:\/\/caritas-srem.rs\/wp-content\/uploads\/2024\/06\/Susret_Caritasa_Djakovo_Srijem.jpg\" alt=\"\" width=\"800\" height=\"600\" srcset=\"https:\/\/caritas-srem.rs\/wp-content\/uploads\/2024\/06\/Susret_Caritasa_Djakovo_Srijem.jpg 800w, https:\/\/caritas-srem.rs\/wp-content\/uploads\/2024\/06\/Susret_Caritasa_Djakovo_Srijem-300x225.jpg 300w, https:\/\/caritas-srem.rs\/wp-content\/uploads\/2024\/06\/Susret_Caritasa_Djakovo_Srijem-768x576.jpg 768w, https:\/\/caritas-srem.rs\/wp-content\/uploads\/2024\/06\/Susret_Caritasa_Djakovo_Srijem-200x150.jpg 200w, https:\/\/caritas-srem.rs\/wp-content\/uploads\/2024\/06\/Susret_Caritasa_Djakovo_Srijem-150x113.jpg 150w\" sizes=\"auto, (max-width: 800px) 100vw, 800px\" \/><\/p>\n<p>&nbsp;<\/p>\n ","protected":false},"excerpt":{"rendered":"<p>Delegacija Caritasa \u0110akova\u010dko-osje\u010dke nadbiskupije, koju je predvodio ravnatelj dr. sc. Drago Tukara, zamjenik ravnatelja Mi\u0161o Luka\u010devi\u0107 i Nikolina Ivanda, posjetila je Srijemsku Mitrovicu u utorak, 27. februara. Susreli su se s biskupom Fabijanom Svalinom i predstavnicima Caritasa Srijemske biskupije, ravnateljem mons. Jozom Dusparom, i koordinatorom Petrom Duji\u0107em. \u00a0Glavna tema susreta bila je budu\u0107a suradnja na &hellip; <a href=\"https:\/\/caritas-srem.rs\/?p=1518\" class=\"more-link\">Continue reading <span class=\"screen-reader-text\">Susret Caritasa Srijemske Biskupije i \u0110akova\u010dko-Osje\u010dke nadbiskupije<\/span><\/a><\/p>\n","protected":false},"author":1,"featured_media":1519,"comment_status":"closed","ping_status":"closed","sticky":false,"template":"","format":"standard","meta":{"give_campaign_id":0,"footnotes":""},"categories":[1],"tags":[],"class_list":["post-1518","post","type-post","status-publish","format-standard","has-post-thumbnail","hentry","category-uncategorized"],"_links":{"self":[{"href":"https:\/\/caritas-srem.rs\/index.php?rest_route=\/wp\/v2\/posts\/1518","targetHints":{"allow":["GET"]}}],"collection":[{"href":"https:\/\/caritas-srem.rs\/index.php?rest_route=\/wp\/v2\/posts"}],"about":[{"href":"https:\/\/caritas-srem.rs\/index.php?rest_route=\/wp\/v2\/types\/post"}],"author":[{"embeddable":true,"href":"https:\/\/caritas-srem.rs\/index.php?rest_route=\/wp\/v2\/users\/1"}],"replies":[{"embeddable":true,"href":"https:\/\/caritas-srem.rs\/index.php?rest_route=%2Fwp%2Fv2%2Fcomments&post=1518"}],"version-history":[{"count":1,"href":"https:\/\/caritas-srem.rs\/index.php?rest_route=\/wp\/v2\/posts\/1518\/revisions"}],"predecessor-version":[{"id":1521,"href":"https:\/\/caritas-srem.rs\/index.php?rest_route=\/wp\/v2\/posts\/1518\/revisions\/1521"}],"wp:featuredmedia":[{"embeddable":true,"href":"https:\/\/caritas-srem.rs\/index.php?rest_route=\/wp\/v2\/media\/1519"}],"wp:attachment":[{"href":"https:\/\/caritas-srem.rs\/index.php?rest_route=%2Fwp%2Fv2%2Fmedia&parent=1518"}],"wp:term":[{"taxonomy":"category","embeddable":true,"href":"https:\/\/caritas-srem.rs\/index.php?rest_route=%2Fwp%2Fv2%2Fcategories&post=1518"},{"taxonomy":"post_tag","embeddable":true,"href":"https:\/\/caritas-srem.rs\/index.php?rest_route=%2Fwp%2Fv2%2Ftags&post=1518"}],"curies":[{"name":"wp","href":"https:\/\/api.w.org\/{rel}","templated":true}]}}