{"id":1816,"date":"2025-09-02T11:49:47","date_gmt":"2025-09-02T09:49:47","guid":{"rendered":"https:\/\/caritas-srem.rs\/?p=1816"},"modified":"2025-09-02T11:49:47","modified_gmt":"2025-09-02T09:49:47","slug":"predstavnici-caritasa-i-srijemske-biskupije-posjetili-hrvatski-caritas","status":"publish","type":"post","link":"https:\/\/caritas-srem.rs\/?p=1816","title":{"rendered":"Predstavnici Caritasa i Srijemske biskupije posjetili Hrvatski Caritas"},"content":{"rendered":"<p>Generalni vikar srijemske biskupije mons. Josip Ive\u0161i\u0107 i Petar Duji\u0107, projektni koordinator Caritasa Srijemske biskupije, susreli su se s fra Tomislavom Glavnikom, ravnateljem Hrvatskog Caritasa i djelatnicima Hrvatskoga Caritasa zahvaliv\u0161i za uspje\u0161nu dosada\u0161nju suradnju. Mons. Ive\u0161i\u0107 izlo\u017eio je situaciju u kojoj se nalaze vjernici Srijemske biskupije, posebno starije pu\u010danstvo, kojima Caritas preko socijalnih projekata olak\u0161ava svakodnevni \u017eivot. Zbog okolnosti u kojima se nalaze dio pu\u010danstva Srijemske biskupije upu\u0107en je na pomo\u0107 i podr\u0161ku koju pru\u017ea Caritas Srijemske biskupije ulijevaju\u0107i nadu u njihovu \u017eivotnu svakodnevnicu. Zahvaljuju\u0107i suradnji s Hrvatskim Caritsom u protekloj 2024. godini ostvareno je nekoliko projekata koji su obuhva\u0107ali sufinanciranje nabave paketa hrane, nabave higijenskih potrep\u0161tina, kreveta i medicinske opreme, nabave ogrjevnog drva, te sufinanciranje\u00a0 smje\u0161taja za socijalno ugro\u017eene starije osobe. Hrvatski Caritas je podr\u017eao rad praonica odje\u0107e u kojima se odje\u0107a pere, su\u0161i i sortira, a potom dijeli socijalno ugro\u017eenom stanovni\u0161tvu.<\/p>\n<p>Fra Tomislav Glavnik, ravnatelj Hrvatskog Caritasa o\u010ditovao je i u narednom periodu blizinu i podr\u0161ku Hrvatskog Caritasa kvalitetnim projektima Caritasa Srijemske biskupije. Svjesni \u010dinjenice da pomo\u0107 Caritasima u susjedstvu, posebno onima koji u te\u017eim uvjetima brinu za bli\u017enje jest prioritet svjedo\u010danstva Crkve prema malenima, siroma\u0161nima i bli\u017enjima na marginama dru\u0161tva. Osim toga Hrvatski Caritas \u0107e nastojati pripomo\u0107i u ostvarenju projekata kojima bi se mogla pospje\u0161iti prekograni\u010dna suradnja, kao i u projektima razvojne i humanitarne pomo\u0107i tzv. tre\u0107im zemljama.<\/p>\n<p><img loading=\"lazy\" decoding=\"async\" class=\"aligncenter wp-image-1819 size-medium\" src=\"https:\/\/caritas-srem.rs\/wp-content\/uploads\/2025\/09\/Untitled-design-300x200.png\" alt=\"\" width=\"300\" height=\"200\" srcset=\"https:\/\/caritas-srem.rs\/wp-content\/uploads\/2025\/09\/Untitled-design-300x200.png 300w, https:\/\/caritas-srem.rs\/wp-content\/uploads\/2025\/09\/Untitled-design-200x133.png 200w, https:\/\/caritas-srem.rs\/wp-content\/uploads\/2025\/09\/Untitled-design-150x100.png 150w, https:\/\/caritas-srem.rs\/wp-content\/uploads\/2025\/09\/Untitled-design-272x182.png 272w, https:\/\/caritas-srem.rs\/wp-content\/uploads\/2025\/09\/Untitled-design.png 672w\" sizes=\"auto, (max-width: 300px) 100vw, 300px\" \/><\/p>\n ","protected":false},"excerpt":{"rendered":"<p>Generalni vikar srijemske biskupije mons. Josip Ive\u0161i\u0107 i Petar Duji\u0107, projektni koordinator Caritasa Srijemske biskupije, susreli su se s fra Tomislavom Glavnikom, ravnateljem Hrvatskog Caritasa i djelatnicima Hrvatskoga Caritasa zahvaliv\u0161i za uspje\u0161nu dosada\u0161nju suradnju. Mons. Ive\u0161i\u0107 izlo\u017eio je situaciju u kojoj se nalaze vjernici Srijemske biskupije, posebno starije pu\u010danstvo, kojima Caritas preko socijalnih projekata olak\u0161ava &hellip; <a href=\"https:\/\/caritas-srem.rs\/?p=1816\" class=\"more-link\">Continue reading <span class=\"screen-reader-text\">Predstavnici Caritasa i Srijemske biskupije posjetili Hrvatski Caritas<\/span><\/a><\/p>\n","protected":false},"author":1,"featured_media":1819,"comment_status":"closed","ping_status":"closed","sticky":false,"template":"","format":"aside","meta":{"give_campaign_id":0,"footnotes":""},"categories":[1],"tags":[],"class_list":["post-1816","post","type-post","status-publish","format-aside","has-post-thumbnail","hentry","category-uncategorized","post_format-post-format-aside"],"_links":{"self":[{"href":"https:\/\/caritas-srem.rs\/index.php?rest_route=\/wp\/v2\/posts\/1816","targetHints":{"allow":["GET"]}}],"collection":[{"href":"https:\/\/caritas-srem.rs\/index.php?rest_route=\/wp\/v2\/posts"}],"about":[{"href":"https:\/\/caritas-srem.rs\/index.php?rest_route=\/wp\/v2\/types\/post"}],"author":[{"embeddable":true,"href":"https:\/\/caritas-srem.rs\/index.php?rest_route=\/wp\/v2\/users\/1"}],"replies":[{"embeddable":true,"href":"https:\/\/caritas-srem.rs\/index.php?rest_route=%2Fwp%2Fv2%2Fcomments&post=1816"}],"version-history":[{"count":1,"href":"https:\/\/caritas-srem.rs\/index.php?rest_route=\/wp\/v2\/posts\/1816\/revisions"}],"predecessor-version":[{"id":1820,"href":"https:\/\/caritas-srem.rs\/index.php?rest_route=\/wp\/v2\/posts\/1816\/revisions\/1820"}],"wp:featuredmedia":[{"embeddable":true,"href":"https:\/\/caritas-srem.rs\/index.php?rest_route=\/wp\/v2\/media\/1819"}],"wp:attachment":[{"href":"https:\/\/caritas-srem.rs\/index.php?rest_route=%2Fwp%2Fv2%2Fmedia&parent=1816"}],"wp:term":[{"taxonomy":"category","embeddable":true,"href":"https:\/\/caritas-srem.rs\/index.php?rest_route=%2Fwp%2Fv2%2Fcategories&post=1816"},{"taxonomy":"post_tag","embeddable":true,"href":"https:\/\/caritas-srem.rs\/index.php?rest_route=%2Fwp%2Fv2%2Ftags&post=1816"}],"curies":[{"name":"wp","href":"https:\/\/api.w.org\/{rel}","templated":true}]}}