{"id":1890,"date":"2025-10-25T14:28:42","date_gmt":"2025-10-25T12:28:42","guid":{"rendered":"https:\/\/caritas-srem.rs\/?p=1890"},"modified":"2025-11-10T15:05:38","modified_gmt":"2025-11-10T13:05:38","slug":"regionalna-zavrsna-konferencija-programa-yourjob","status":"publish","type":"post","link":"https:\/\/caritas-srem.rs\/?p=1890","title":{"rendered":"Regionalna zavr\u0161na konferencija programa YourJob2"},"content":{"rendered":"<p>Caritas Kosova je u Pri\u0161tini, 23. oktobra 2025. godine, organizovao <strong>Regionalnu zavr\u0161nu konferenciju programa YourJob<\/strong>, pod nazivom <em>\u201eZapo\u0161ljavanje mladih u zemljama Zapadnog Balkana\u201c<\/em>.<br \/>\nOvaj vi\u0161egodi\u0161nji regionalni program sprovodi se u \u0161est zemalja: Albaniji, Bosni i Hercegovini, Crnoj Gori, Kosovu, Severnoj Makedoniji i Srbiji. Cilj programa je da mladima omogu\u0107i lak\u0161i pristup tr\u017ei\u0161tu rada, podr\u017ei njihovo profesionalno osna\u017eivanje i podstakne njihovu aktivnu ulogu u razvoju lokalnih zajednica.<\/p>\n<p>U uvodnom delu konferencije, prisutnima se obratio predsednik Caritasa Kosova, <strong>mons. Dod\u00eb Gjergji<\/strong>, prizrensko-pri\u0161tinski biskup, koji je naglasio va\u017enost regionalne saradnje i istakao da su zajedni\u0161tvo i solidarnost temeljni principi na kojima Caritas gradi svoje delovanje u regionu. Nakon njega, u\u010desnike je pozdravio i generalni direktor Caritasa Kosova <strong>don Viktor Sopi<\/strong>, koji je zahvalio svim partnerima, posebno predstavnicima Austrijske razvojne agencije (ADA), nagla\u0161avaju\u0107i da su rezultati programa <em>YourJob<\/em> dokaz da se kroz konkretne inicijative mo\u017ee menjati stvarnost mladih ljudi u regionu.<\/p>\n<div id='gallery-1' class='gallery galleryid-1890 gallery-columns-4 gallery-size-large'><figure class='gallery-item'>\n\t\t\t<div class='gallery-icon landscape'>\n\t\t\t\t<a href='https:\/\/caritas-srem.rs\/?attachment_id=1891'><img loading=\"lazy\" decoding=\"async\" width=\"1024\" height=\"769\" src=\"https:\/\/caritas-srem.rs\/wp-content\/uploads\/2025\/11\/viber_image_2025-11-10_13-49-18-847-1024x769.jpg\" class=\"attachment-large size-large\" alt=\"\" srcset=\"https:\/\/caritas-srem.rs\/wp-content\/uploads\/2025\/11\/viber_image_2025-11-10_13-49-18-847-1024x769.jpg 1024w, https:\/\/caritas-srem.rs\/wp-content\/uploads\/2025\/11\/viber_image_2025-11-10_13-49-18-847-300x225.jpg 300w, https:\/\/caritas-srem.rs\/wp-content\/uploads\/2025\/11\/viber_image_2025-11-10_13-49-18-847-768x576.jpg 768w, https:\/\/caritas-srem.rs\/wp-content\/uploads\/2025\/11\/viber_image_2025-11-10_13-49-18-847-1536x1153.jpg 1536w, https:\/\/caritas-srem.rs\/wp-content\/uploads\/2025\/11\/viber_image_2025-11-10_13-49-18-847-200x150.jpg 200w, https:\/\/caritas-srem.rs\/wp-content\/uploads\/2025\/11\/viber_image_2025-11-10_13-49-18-847-150x113.jpg 150w, https:\/\/caritas-srem.rs\/wp-content\/uploads\/2025\/11\/viber_image_2025-11-10_13-49-18-847.jpg 1600w\" sizes=\"auto, (max-width: 1024px) 100vw, 1024px\" \/><\/a>\n\t\t\t<\/div><\/figure><figure class='gallery-item'>\n\t\t\t<div class='gallery-icon landscape'>\n\t\t\t\t<a href='https:\/\/caritas-srem.rs\/?attachment_id=1892'><img loading=\"lazy\" decoding=\"async\" width=\"1024\" height=\"768\" src=\"https:\/\/caritas-srem.rs\/wp-content\/uploads\/2025\/11\/viber_image_2025-11-10_13-49-19-042-1024x768.jpg\" class=\"attachment-large size-large\" alt=\"\" srcset=\"https:\/\/caritas-srem.rs\/wp-content\/uploads\/2025\/11\/viber_image_2025-11-10_13-49-19-042-1024x768.jpg 1024w, https:\/\/caritas-srem.rs\/wp-content\/uploads\/2025\/11\/viber_image_2025-11-10_13-49-19-042-300x225.jpg 300w, https:\/\/caritas-srem.rs\/wp-content\/uploads\/2025\/11\/viber_image_2025-11-10_13-49-19-042-768x576.jpg 768w, https:\/\/caritas-srem.rs\/wp-content\/uploads\/2025\/11\/viber_image_2025-11-10_13-49-19-042-1536x1152.jpg 1536w, https:\/\/caritas-srem.rs\/wp-content\/uploads\/2025\/11\/viber_image_2025-11-10_13-49-19-042-200x150.jpg 200w, https:\/\/caritas-srem.rs\/wp-content\/uploads\/2025\/11\/viber_image_2025-11-10_13-49-19-042-150x113.jpg 150w, https:\/\/caritas-srem.rs\/wp-content\/uploads\/2025\/11\/viber_image_2025-11-10_13-49-19-042.jpg 1600w\" sizes=\"auto, (max-width: 1024px) 100vw, 1024px\" \/><\/a>\n\t\t\t<\/div><\/figure><figure class='gallery-item'>\n\t\t\t<div class='gallery-icon landscape'>\n\t\t\t\t<a href='https:\/\/caritas-srem.rs\/?attachment_id=1893'><img loading=\"lazy\" decoding=\"async\" width=\"1024\" height=\"768\" src=\"https:\/\/caritas-srem.rs\/wp-content\/uploads\/2025\/11\/viber_image_2025-11-10_13-42-37-856-1024x768.jpg\" class=\"attachment-large size-large\" alt=\"\" srcset=\"https:\/\/caritas-srem.rs\/wp-content\/uploads\/2025\/11\/viber_image_2025-11-10_13-42-37-856-1024x768.jpg 1024w, https:\/\/caritas-srem.rs\/wp-content\/uploads\/2025\/11\/viber_image_2025-11-10_13-42-37-856-300x225.jpg 300w, https:\/\/caritas-srem.rs\/wp-content\/uploads\/2025\/11\/viber_image_2025-11-10_13-42-37-856-768x576.jpg 768w, https:\/\/caritas-srem.rs\/wp-content\/uploads\/2025\/11\/viber_image_2025-11-10_13-42-37-856-1536x1152.jpg 1536w, https:\/\/caritas-srem.rs\/wp-content\/uploads\/2025\/11\/viber_image_2025-11-10_13-42-37-856-200x150.jpg 200w, https:\/\/caritas-srem.rs\/wp-content\/uploads\/2025\/11\/viber_image_2025-11-10_13-42-37-856-150x113.jpg 150w, https:\/\/caritas-srem.rs\/wp-content\/uploads\/2025\/11\/viber_image_2025-11-10_13-42-37-856.jpg 1600w\" sizes=\"auto, (max-width: 1024px) 100vw, 1024px\" \/><\/a>\n\t\t\t<\/div><\/figure><figure class='gallery-item'>\n\t\t\t<div class='gallery-icon landscape'>\n\t\t\t\t<a href='https:\/\/caritas-srem.rs\/?attachment_id=1894'><img loading=\"lazy\" decoding=\"async\" width=\"1024\" height=\"768\" src=\"https:\/\/caritas-srem.rs\/wp-content\/uploads\/2025\/11\/viber_image_2025-11-10_13-50-15-068-1024x768.jpg\" class=\"attachment-large size-large\" alt=\"\" srcset=\"https:\/\/caritas-srem.rs\/wp-content\/uploads\/2025\/11\/viber_image_2025-11-10_13-50-15-068-1024x768.jpg 1024w, https:\/\/caritas-srem.rs\/wp-content\/uploads\/2025\/11\/viber_image_2025-11-10_13-50-15-068-300x225.jpg 300w, https:\/\/caritas-srem.rs\/wp-content\/uploads\/2025\/11\/viber_image_2025-11-10_13-50-15-068-768x576.jpg 768w, https:\/\/caritas-srem.rs\/wp-content\/uploads\/2025\/11\/viber_image_2025-11-10_13-50-15-068-1536x1152.jpg 1536w, https:\/\/caritas-srem.rs\/wp-content\/uploads\/2025\/11\/viber_image_2025-11-10_13-50-15-068-200x150.jpg 200w, https:\/\/caritas-srem.rs\/wp-content\/uploads\/2025\/11\/viber_image_2025-11-10_13-50-15-068-150x113.jpg 150w, https:\/\/caritas-srem.rs\/wp-content\/uploads\/2025\/11\/viber_image_2025-11-10_13-50-15-068.jpg 1600w\" sizes=\"auto, (max-width: 1024px) 100vw, 1024px\" \/><\/a>\n\t\t\t<\/div><\/figure>\n\t\t<\/div>\n\n<p><strong>Panel diskusije: saradnja, inspiracija i nove ideje za mlade<\/strong><\/p>\n<p>Tokom konferencije odr\u017eano je nekoliko tematskih panela koji su pru\u017eili detaljan uvid u sprovo\u0111enje programa u regionu. Na panelima su obra\u0111ene klju\u010dne teme: zapo\u0161ljivost mladih, saradnja sa poslodavcima, samozapo\u0161ljavanje, podr\u0161ka ranjivim grupama i zagovaranje politika za mlade.<\/p>\n<p>Na panelu je u\u010destvovala i <strong>Marina Kosti\u0107<\/strong> iz <strong>Caritasa Srbije<\/strong>, koja je govorila o zna\u010daju umre\u017eenosti institucija u pru\u017eanju podr\u0161ke zapo\u0161ljavanju mladih u zajednici. <strong>Sara \u017durovski<\/strong> iz <strong>Caritasa Srem<\/strong> govorila je o temi preduzetni\u0161tva i istakla da su mladi veoma zainteresovani za ovu komponentu projekta, te da ih savetnici prate kroz proces istra\u017eivanja poslovnih mogu\u0107nosti i izrade sopstvenih biznis planova. Panelisti su zajedni\u010dki poslali sna\u017enu poruku: ulaganje u mlade nije samo ulaganje u njihovu budu\u0107nost, ve\u0107 i doprinos razvoju \u010ditavog dru\u0161tva.<\/p>\n<p><strong>Nove perspektive i nastavak zajedni\u010dkog puta<\/strong><\/p>\n<p>Na konferenciji je jasno istaknuto da ovo nije kraj jedne faze, ve\u0107 po\u010detak novog poglavlja saradnje i zajedni\u010dkog delovanja u oblasti razvoja i zapo\u0161ljavanja mladih.<br \/>\nSvi u\u010desnici izrazili su spremnost da nastave zajedni\u010dki rad na stvaranju prilika koje \u0107e mladima omogu\u0107iti da ostanu, napreduju i grade \u017eivot u zemljama Zapadnog Balkana.<\/p>\n<p>U ime <strong>Caritasa Srbije<\/strong>, konferenciji su prisustvovali otac <strong>Mihai Gergel<\/strong>, direktor Caritasa Srbije, <strong>Marina Kosti\u0107<\/strong> i <strong>Slobodan Milo\u0161evi\u0107<\/strong> iz kancelarije Caritasa Srbije, kao i <strong>Jelena Vi\u0161i\u0107<\/strong> iz Caritasa Ni\u0161 i <strong>Sara \u017durovski<\/strong> iz Caritasa Srem.<\/p>\n<p><img loading=\"lazy\" decoding=\"async\" class=\"aligncenter wp-image-1895 size-large\" src=\"https:\/\/caritas-srem.rs\/wp-content\/uploads\/2025\/11\/viber_image_2025-11-10_13-42-40-434-768x1024.jpg\" alt=\"\" width=\"768\" height=\"1024\" srcset=\"https:\/\/caritas-srem.rs\/wp-content\/uploads\/2025\/11\/viber_image_2025-11-10_13-42-40-434-768x1024.jpg 768w, https:\/\/caritas-srem.rs\/wp-content\/uploads\/2025\/11\/viber_image_2025-11-10_13-42-40-434-225x300.jpg 225w, https:\/\/caritas-srem.rs\/wp-content\/uploads\/2025\/11\/viber_image_2025-11-10_13-42-40-434-1152x1536.jpg 1152w, https:\/\/caritas-srem.rs\/wp-content\/uploads\/2025\/11\/viber_image_2025-11-10_13-42-40-434-150x200.jpg 150w, https:\/\/caritas-srem.rs\/wp-content\/uploads\/2025\/11\/viber_image_2025-11-10_13-42-40-434.jpg 1200w\" sizes=\"auto, (max-width: 768px) 100vw, 768px\" \/><\/p>\n ","protected":false},"excerpt":{"rendered":"<p>Caritas Kosova je u Pri\u0161tini, 23. oktobra 2025. godine, organizovao Regionalnu zavr\u0161nu konferenciju programa YourJob, pod nazivom \u201eZapo\u0161ljavanje mladih u zemljama Zapadnog Balkana\u201c. Ovaj vi\u0161egodi\u0161nji regionalni program sprovodi se u \u0161est zemalja: Albaniji, Bosni i Hercegovini, Crnoj Gori, Kosovu, Severnoj Makedoniji i Srbiji. Cilj programa je da mladima omogu\u0107i lak\u0161i pristup tr\u017ei\u0161tu rada, podr\u017ei njihovo &hellip; <a href=\"https:\/\/caritas-srem.rs\/?p=1890\" class=\"more-link\">Continue reading <span class=\"screen-reader-text\">Regionalna zavr\u0161na konferencija programa YourJob2<\/span><\/a><\/p>\n","protected":false},"author":1,"featured_media":1898,"comment_status":"closed","ping_status":"closed","sticky":false,"template":"","format":"aside","meta":{"give_campaign_id":0,"footnotes":""},"categories":[1],"tags":[],"class_list":["post-1890","post","type-post","status-publish","format-aside","has-post-thumbnail","hentry","category-uncategorized","post_format-post-format-aside"],"_links":{"self":[{"href":"https:\/\/caritas-srem.rs\/index.php?rest_route=\/wp\/v2\/posts\/1890","targetHints":{"allow":["GET"]}}],"collection":[{"href":"https:\/\/caritas-srem.rs\/index.php?rest_route=\/wp\/v2\/posts"}],"about":[{"href":"https:\/\/caritas-srem.rs\/index.php?rest_route=\/wp\/v2\/types\/post"}],"author":[{"embeddable":true,"href":"https:\/\/caritas-srem.rs\/index.php?rest_route=\/wp\/v2\/users\/1"}],"replies":[{"embeddable":true,"href":"https:\/\/caritas-srem.rs\/index.php?rest_route=%2Fwp%2Fv2%2Fcomments&post=1890"}],"version-history":[{"count":3,"href":"https:\/\/caritas-srem.rs\/index.php?rest_route=\/wp\/v2\/posts\/1890\/revisions"}],"predecessor-version":[{"id":1900,"href":"https:\/\/caritas-srem.rs\/index.php?rest_route=\/wp\/v2\/posts\/1890\/revisions\/1900"}],"wp:featuredmedia":[{"embeddable":true,"href":"https:\/\/caritas-srem.rs\/index.php?rest_route=\/wp\/v2\/media\/1898"}],"wp:attachment":[{"href":"https:\/\/caritas-srem.rs\/index.php?rest_route=%2Fwp%2Fv2%2Fmedia&parent=1890"}],"wp:term":[{"taxonomy":"category","embeddable":true,"href":"https:\/\/caritas-srem.rs\/index.php?rest_route=%2Fwp%2Fv2%2Fcategories&post=1890"},{"taxonomy":"post_tag","embeddable":true,"href":"https:\/\/caritas-srem.rs\/index.php?rest_route=%2Fwp%2Fv2%2Ftags&post=1890"}],"curies":[{"name":"wp","href":"https:\/\/api.w.org\/{rel}","templated":true}]}}