{"id":426,"date":"2017-09-30T15:14:30","date_gmt":"2017-09-30T15:14:30","guid":{"rendered":"http:\/\/caritas-srem.rs\/?p=426"},"modified":"2018-09-12T15:17:41","modified_gmt":"2018-09-12T15:17:41","slug":"share-the-journey-radionica-kuvanja-sa-izbeglicama-iz-principovca","status":"publish","type":"post","link":"https:\/\/caritas-srem.rs\/?p=426","title":{"rendered":"Share the journey: Radionica kuvanja sa izbeglicama iz Principovca"},"content":{"rendered":"<p><span style=\"color: #000000; font-family: Calibri;\">U subotu 30. septembra u letnjoj Vladi\u010danskoj rezidenciji (Ruski Dvor) u \u0160idu odr\u017eana je interkulturna radionica kuvanja, kojoj je prisustvovalo deset \u017eena iz PC Principovac, kao i predstavnice lokalnog stanovni\u0161tva iz \u0160ida. Radionicu su zajedno organizovali Caritas Apostolskog Egzarhata, Caritas Srem i SOS de\u010dija sela Srbija.<\/span><\/p>\n<p><span style=\"color: #000000; font-family: Calibri;\">Cilj je bilo dru\u017eenje i upoznavanje druge kulture kroz kuhinju i obi\u010daje. \u017dene iz PC Principovac pripremile su deset razli\u010ditih jela koja su karakteristi\u010dna za njihove krajeve, a lokalne \u017eene su pripremile jela iz Srema.<\/span><\/p>\n<p><span style=\"color: #000000; font-family: Calibri;\">Uspeh radionice mogu potvrditi nasmejana lica svih u\u010desnika, opu\u0161tena atmosfera u kojoj su jedni drugima pomagali oko pripreme tradicionalnih jela, kao i zajedni\u010dki ru\u010dak.<\/span><\/p>\n<p><span style=\"font-family: Calibri;\"><span style=\"color: #000000;\">U planu je da se u narednom periodu nastavi sa ovakvim radionicama, obzirom da je prva potvrdila da ima izuzetan zna\u010daj za \u017eene iz PC Principovac, koje su posle du\u017eeg vremena imale prilike da iza\u0111u iz svoje svakodnevnice, upoznaju i dru\u017ee se sa lokalnim stanovni\u0161tvom, poka\u017eu \u0161ta znaju i kroz pripremu obroka ugoste jedne druge. <span lang=\"IT\">Ova radionica je bila jo\u0161 jedna potvrda da druga kultura ne predstavlja barijeru nego bogatstvo u razli\u010ditosti.<\/span><\/span><\/span><\/p>\n<p><span lang=\"IT\"><span style=\"color: #000000; font-family: Calibri;\">U\u010desnici su se slikali sa ra\u0161irenim rukama, pokazuju\u0107i otvorenost prema drugima, kao \u0161to je predlo\u017eeno u kampanji Caritasa Internationalis \u201eShare the journey\u201c.<\/span><\/span><\/p>\n<p><span lang=\"IT\"><span style=\"color: #000000; font-family: Calibri;\">Ova aktivnost finansirana je od strane Ministarstva spoljnih poslova SR Nema\u010dke i Caritasove mre\u017ee.<\/span><\/span><\/p>\n<div id='gallery-1' class='gallery galleryid-426 gallery-columns-3 gallery-size-large'><figure class='gallery-item'>\n\t\t\t<div class='gallery-icon landscape'>\n\t\t\t\t<a href='https:\/\/caritas-srem.rs\/wp-content\/uploads\/2018\/09\/slika-68.jpg'><img loading=\"lazy\" decoding=\"async\" width=\"1024\" height=\"578\" src=\"https:\/\/caritas-srem.rs\/wp-content\/uploads\/2018\/09\/slika-68-1024x578.jpg\" class=\"attachment-large size-large\" alt=\"\" srcset=\"https:\/\/caritas-srem.rs\/wp-content\/uploads\/2018\/09\/slika-68-1024x578.jpg 1024w, https:\/\/caritas-srem.rs\/wp-content\/uploads\/2018\/09\/slika-68-300x169.jpg 300w, https:\/\/caritas-srem.rs\/wp-content\/uploads\/2018\/09\/slika-68-768x434.jpg 768w, https:\/\/caritas-srem.rs\/wp-content\/uploads\/2018\/09\/slika-68-200x113.jpg 200w, https:\/\/caritas-srem.rs\/wp-content\/uploads\/2018\/09\/slika-68-150x85.jpg 150w, https:\/\/caritas-srem.rs\/wp-content\/uploads\/2018\/09\/slika-68.jpg 1280w\" sizes=\"auto, (max-width: 1024px) 100vw, 1024px\" \/><\/a>\n\t\t\t<\/div><\/figure><figure class='gallery-item'>\n\t\t\t<div class='gallery-icon landscape'>\n\t\t\t\t<a href='https:\/\/caritas-srem.rs\/wp-content\/uploads\/2018\/09\/slika-69.jpg'><img loading=\"lazy\" decoding=\"async\" width=\"1024\" height=\"578\" src=\"https:\/\/caritas-srem.rs\/wp-content\/uploads\/2018\/09\/slika-69-1024x578.jpg\" class=\"attachment-large size-large\" alt=\"\" srcset=\"https:\/\/caritas-srem.rs\/wp-content\/uploads\/2018\/09\/slika-69-1024x578.jpg 1024w, https:\/\/caritas-srem.rs\/wp-content\/uploads\/2018\/09\/slika-69-300x169.jpg 300w, https:\/\/caritas-srem.rs\/wp-content\/uploads\/2018\/09\/slika-69-768x434.jpg 768w, https:\/\/caritas-srem.rs\/wp-content\/uploads\/2018\/09\/slika-69-200x113.jpg 200w, https:\/\/caritas-srem.rs\/wp-content\/uploads\/2018\/09\/slika-69-150x85.jpg 150w, https:\/\/caritas-srem.rs\/wp-content\/uploads\/2018\/09\/slika-69.jpg 1280w\" sizes=\"auto, (max-width: 1024px) 100vw, 1024px\" \/><\/a>\n\t\t\t<\/div><\/figure><figure class='gallery-item'>\n\t\t\t<div class='gallery-icon landscape'>\n\t\t\t\t<a href='https:\/\/caritas-srem.rs\/wp-content\/uploads\/2018\/09\/slika-70.jpg'><img loading=\"lazy\" decoding=\"async\" width=\"1024\" height=\"1024\" src=\"https:\/\/caritas-srem.rs\/wp-content\/uploads\/2018\/09\/slika-70-1024x1024.jpg\" class=\"attachment-large size-large\" alt=\"\" srcset=\"https:\/\/caritas-srem.rs\/wp-content\/uploads\/2018\/09\/slika-70-1024x1024.jpg 1024w, https:\/\/caritas-srem.rs\/wp-content\/uploads\/2018\/09\/slika-70-150x150.jpg 150w, https:\/\/caritas-srem.rs\/wp-content\/uploads\/2018\/09\/slika-70-300x300.jpg 300w, https:\/\/caritas-srem.rs\/wp-content\/uploads\/2018\/09\/slika-70-768x768.jpg 768w, https:\/\/caritas-srem.rs\/wp-content\/uploads\/2018\/09\/slika-70-200x200.jpg 200w, https:\/\/caritas-srem.rs\/wp-content\/uploads\/2018\/09\/slika-70.jpg 1200w\" sizes=\"auto, (max-width: 1024px) 100vw, 1024px\" \/><\/a>\n\t\t\t<\/div><\/figure>\n\t\t<\/div>\n\n ","protected":false},"excerpt":{"rendered":"<p>U subotu 30. septembra u letnjoj Vladi\u010danskoj rezidenciji (Ruski Dvor) u \u0160idu odr\u017eana je interkulturna radionica kuvanja, kojoj je prisustvovalo deset \u017eena iz PC Principovac, kao i predstavnice lokalnog stanovni\u0161tva iz \u0160ida. Radionicu su zajedno organizovali Caritas Apostolskog Egzarhata, Caritas Srem i SOS de\u010dija sela Srbija. Cilj je bilo dru\u017eenje i upoznavanje druge kulture kroz &hellip; <a href=\"https:\/\/caritas-srem.rs\/?p=426\" class=\"more-link\">Continue reading <span class=\"screen-reader-text\">Share the journey: Radionica kuvanja sa izbeglicama iz Principovca<\/span><\/a><\/p>\n","protected":false},"author":1,"featured_media":428,"comment_status":"closed","ping_status":"closed","sticky":false,"template":"","format":"aside","meta":{"give_campaign_id":0,"footnotes":""},"categories":[1],"tags":[],"class_list":["post-426","post","type-post","status-publish","format-aside","has-post-thumbnail","hentry","category-uncategorized","post_format-post-format-aside"],"_links":{"self":[{"href":"https:\/\/caritas-srem.rs\/index.php?rest_route=\/wp\/v2\/posts\/426","targetHints":{"allow":["GET"]}}],"collection":[{"href":"https:\/\/caritas-srem.rs\/index.php?rest_route=\/wp\/v2\/posts"}],"about":[{"href":"https:\/\/caritas-srem.rs\/index.php?rest_route=\/wp\/v2\/types\/post"}],"author":[{"embeddable":true,"href":"https:\/\/caritas-srem.rs\/index.php?rest_route=\/wp\/v2\/users\/1"}],"replies":[{"embeddable":true,"href":"https:\/\/caritas-srem.rs\/index.php?rest_route=%2Fwp%2Fv2%2Fcomments&post=426"}],"version-history":[{"count":1,"href":"https:\/\/caritas-srem.rs\/index.php?rest_route=\/wp\/v2\/posts\/426\/revisions"}],"predecessor-version":[{"id":430,"href":"https:\/\/caritas-srem.rs\/index.php?rest_route=\/wp\/v2\/posts\/426\/revisions\/430"}],"wp:featuredmedia":[{"embeddable":true,"href":"https:\/\/caritas-srem.rs\/index.php?rest_route=\/wp\/v2\/media\/428"}],"wp:attachment":[{"href":"https:\/\/caritas-srem.rs\/index.php?rest_route=%2Fwp%2Fv2%2Fmedia&parent=426"}],"wp:term":[{"taxonomy":"category","embeddable":true,"href":"https:\/\/caritas-srem.rs\/index.php?rest_route=%2Fwp%2Fv2%2Fcategories&post=426"},{"taxonomy":"post_tag","embeddable":true,"href":"https:\/\/caritas-srem.rs\/index.php?rest_route=%2Fwp%2Fv2%2Ftags&post=426"}],"curies":[{"name":"wp","href":"https:\/\/api.w.org\/{rel}","templated":true}]}}