{"id":502,"date":"2017-10-10T16:00:19","date_gmt":"2017-10-10T16:00:19","guid":{"rendered":"http:\/\/caritas-srem.rs\/?p=502"},"modified":"2018-09-12T17:05:53","modified_gmt":"2018-09-12T17:05:53","slug":"masine-za-pranje-i-susenje-vesa-za-izbeglice-u-adasevcima","status":"publish","type":"post","link":"https:\/\/caritas-srem.rs\/?p=502","title":{"rendered":"Ma\u0161ine za pranje i su\u0161enje ve\u0161a za izbeglice u Ada\u0161evcima"},"content":{"rendered":"<p><span lang=\"IT\" style=\"margin: 0px; color: black; font-family: 'Helvetica',sans-serif;\">Od utorka 4.oktobra, izbeglice, koje su sme\u0161tene u prihvatnom centru Ada\u0161evci, imaju pristup ve\u0161 ma\u0161inama gde mogu oprati i osu\u0161iti svoju garderobu. Ove ma\u0161ine se tako\u0111e koriste za potrebe centra za prihvat izbeglica, pranje posteljine i \u0107ebadi. Kupovinu i monta\u017eu ma\u0161ina organizovao je Caritas Srem uz finansijsku pomo\u0107 Italijanske biskupske konferencije i fonda \u201e8 X Mille\u201c. U prvoj fazi postavljene su dve kombinovane ma\u0161ine za pranje i su\u0161enje ve\u0161a, a u planu je pro\u0161irenje usluge i postavljanje jo\u0161 ma\u0161ina.<\/span><\/p>\n<p><img loading=\"lazy\" decoding=\"async\" class=\"alignnone size-full wp-image-503\" src=\"https:\/\/caritas-srem.rs\/wp-content\/uploads\/2018\/09\/slika-110.jpg\" alt=\"\" width=\"2576\" height=\"1932\" srcset=\"https:\/\/caritas-srem.rs\/wp-content\/uploads\/2018\/09\/slika-110.jpg 2576w, https:\/\/caritas-srem.rs\/wp-content\/uploads\/2018\/09\/slika-110-300x225.jpg 300w, https:\/\/caritas-srem.rs\/wp-content\/uploads\/2018\/09\/slika-110-768x576.jpg 768w, https:\/\/caritas-srem.rs\/wp-content\/uploads\/2018\/09\/slika-110-1024x768.jpg 1024w, https:\/\/caritas-srem.rs\/wp-content\/uploads\/2018\/09\/slika-110-200x150.jpg 200w, https:\/\/caritas-srem.rs\/wp-content\/uploads\/2018\/09\/slika-110-150x113.jpg 150w\" sizes=\"auto, (max-width: 2576px) 100vw, 2576px\" \/><\/p>\n ","protected":false},"excerpt":{"rendered":"<p>Od utorka 4.oktobra, izbeglice, koje su sme\u0161tene u prihvatnom centru Ada\u0161evci, imaju pristup ve\u0161 ma\u0161inama gde mogu oprati i osu\u0161iti svoju garderobu. Ove ma\u0161ine se tako\u0111e koriste za potrebe centra za prihvat izbeglica, pranje posteljine i \u0107ebadi. Kupovinu i monta\u017eu ma\u0161ina organizovao je Caritas Srem uz finansijsku pomo\u0107 Italijanske biskupske konferencije i fonda \u201e8 X &hellip; <a href=\"https:\/\/caritas-srem.rs\/?p=502\" class=\"more-link\">Continue reading <span class=\"screen-reader-text\">Ma\u0161ine za pranje i su\u0161enje ve\u0161a za izbeglice u Ada\u0161evcima<\/span><\/a><\/p>\n","protected":false},"author":1,"featured_media":503,"comment_status":"closed","ping_status":"closed","sticky":false,"template":"","format":"aside","meta":{"give_campaign_id":0,"footnotes":""},"categories":[1],"tags":[],"class_list":["post-502","post","type-post","status-publish","format-aside","has-post-thumbnail","hentry","category-uncategorized","post_format-post-format-aside"],"_links":{"self":[{"href":"https:\/\/caritas-srem.rs\/index.php?rest_route=\/wp\/v2\/posts\/502","targetHints":{"allow":["GET"]}}],"collection":[{"href":"https:\/\/caritas-srem.rs\/index.php?rest_route=\/wp\/v2\/posts"}],"about":[{"href":"https:\/\/caritas-srem.rs\/index.php?rest_route=\/wp\/v2\/types\/post"}],"author":[{"embeddable":true,"href":"https:\/\/caritas-srem.rs\/index.php?rest_route=\/wp\/v2\/users\/1"}],"replies":[{"embeddable":true,"href":"https:\/\/caritas-srem.rs\/index.php?rest_route=%2Fwp%2Fv2%2Fcomments&post=502"}],"version-history":[{"count":1,"href":"https:\/\/caritas-srem.rs\/index.php?rest_route=\/wp\/v2\/posts\/502\/revisions"}],"predecessor-version":[{"id":504,"href":"https:\/\/caritas-srem.rs\/index.php?rest_route=\/wp\/v2\/posts\/502\/revisions\/504"}],"wp:featuredmedia":[{"embeddable":true,"href":"https:\/\/caritas-srem.rs\/index.php?rest_route=\/wp\/v2\/media\/503"}],"wp:attachment":[{"href":"https:\/\/caritas-srem.rs\/index.php?rest_route=%2Fwp%2Fv2%2Fmedia&parent=502"}],"wp:term":[{"taxonomy":"category","embeddable":true,"href":"https:\/\/caritas-srem.rs\/index.php?rest_route=%2Fwp%2Fv2%2Fcategories&post=502"},{"taxonomy":"post_tag","embeddable":true,"href":"https:\/\/caritas-srem.rs\/index.php?rest_route=%2Fwp%2Fv2%2Ftags&post=502"}],"curies":[{"name":"wp","href":"https:\/\/api.w.org\/{rel}","templated":true}]}}